{"id":486,"date":"2014-07-08T19:41:10","date_gmt":"2014-07-08T17:41:10","guid":{"rendered":"http:\/\/roclawski.eu\/wordpress\/?p=486"},"modified":"2014-07-08T19:41:10","modified_gmt":"2014-07-08T17:41:10","slug":"1949-aenderung-der-verfassung-wehrpflicht","status":"publish","type":"post","link":"https:\/\/roclawski.eu\/wordpress\/?p=486","title":{"rendered":"1949 \u00c4nderung der Verfassung &#8211; Wehrpflicht"},"content":{"rendered":"<p style=\"color: #000000;\"><div id=\"flags\" class=\"size16\"><ul id=\"sortable\" class=\"ui-sortable\" style=\"float:left\"><li id=\"Czech\"><a href=\"#\" title=\"Czech\" class=\"nturl notranslate cs flag Czech\"><\/a><\/li><li id=\"English\"><a href=\"#\" title=\"English\" class=\"nturl notranslate en flag united-states\"><\/a><\/li><li id=\"French\"><a href=\"#\" title=\"French\" class=\"nturl notranslate fr flag French\"><\/a><\/li><li id=\"German\"><a href=\"#\" title=\"German\" class=\"nturl notranslate de flag German\"><\/a><\/li><li id=\"Luxembourgish\"><a href=\"#\" title=\"Luxembourgish\" class=\"nturl notranslate lb flag Luxembourgish\"><\/a><\/li><li id=\"Polish\"><a href=\"#\" title=\"Polish\" class=\"nturl notranslate pl flag Polish\"><\/a><\/li><li id=\"Slovak\"><a href=\"#\" title=\"Slovak\" class=\"nturl notranslate sk flag Slovak\"><\/a><\/li><li id=\"Slovenian\"><a href=\"#\" title=\"Slovenian\" class=\"nturl notranslate sl flag Slovenian\"><\/a><\/li><\/ul><\/div><div id=\"google_language_translator\" class=\"default-language-de\"><\/div><\/p>\n<p style=\"color: #000000;\">Durch \u00c4nderung der Verfassung beendet Luxemburg seine Neutralit\u00e4t und f\u00fchrt die allgemeine Wehrpflicht ein. Die Luxemburgische Armee r\u00fcckt in den Kreis Bitburg und Saarburg ein und \u00fcbernimmt innerhalb der franz\u00f6sichen Besatzungszone, die Aufgabe der franz\u00f6sichen Besatzung.<\/p>\n<p style=\"color: #000000;\">Luxemburg ist Gr\u00fcndungsmitglied der NATO und des Europarates.<\/p>\n","protected":false},"excerpt":{"rendered":"<p>Durch \u00c4nderung der Verfassung beendet Luxemburg seine Neutralit\u00e4t und f\u00fchrt die allgemeine Wehrpflicht ein. Die Luxemburgische Armee r\u00fcckt in den Kreis Bitburg und Saarburg ein und \u00fcbernimmt innerhalb der franz\u00f6sichen Besatzungszone, die Aufgabe der franz\u00f6sichen Besatzung. Luxemburg ist Gr\u00fcndungsmitglied der NATO und des Europarates.<\/p>\n","protected":false},"author":1,"featured_media":0,"comment_status":"open","ping_status":"open","sticky":false,"template":"","format":"standard","meta":{"footnotes":""},"categories":[12],"tags":[],"class_list":["post-486","post","type-post","status-publish","format-standard","hentry","category-luxemburg"],"_links":{"self":[{"href":"https:\/\/roclawski.eu\/wordpress\/index.php?rest_route=\/wp\/v2\/posts\/486","targetHints":{"allow":["GET"]}}],"collection":[{"href":"https:\/\/roclawski.eu\/wordpress\/index.php?rest_route=\/wp\/v2\/posts"}],"about":[{"href":"https:\/\/roclawski.eu\/wordpress\/index.php?rest_route=\/wp\/v2\/types\/post"}],"author":[{"embeddable":true,"href":"https:\/\/roclawski.eu\/wordpress\/index.php?rest_route=\/wp\/v2\/users\/1"}],"replies":[{"embeddable":true,"href":"https:\/\/roclawski.eu\/wordpress\/index.php?rest_route=%2Fwp%2Fv2%2Fcomments&post=486"}],"version-history":[{"count":1,"href":"https:\/\/roclawski.eu\/wordpress\/index.php?rest_route=\/wp\/v2\/posts\/486\/revisions"}],"predecessor-version":[{"id":487,"href":"https:\/\/roclawski.eu\/wordpress\/index.php?rest_route=\/wp\/v2\/posts\/486\/revisions\/487"}],"wp:attachment":[{"href":"https:\/\/roclawski.eu\/wordpress\/index.php?rest_route=%2Fwp%2Fv2%2Fmedia&parent=486"}],"wp:term":[{"taxonomy":"category","embeddable":true,"href":"https:\/\/roclawski.eu\/wordpress\/index.php?rest_route=%2Fwp%2Fv2%2Fcategories&post=486"},{"taxonomy":"post_tag","embeddable":true,"href":"https:\/\/roclawski.eu\/wordpress\/index.php?rest_route=%2Fwp%2Fv2%2Ftags&post=486"}],"curies":[{"name":"wp","href":"https:\/\/api.w.org\/{rel}","templated":true}]}}