{"id":473,"date":"2014-07-08T19:31:32","date_gmt":"2014-07-08T17:31:32","guid":{"rendered":"http:\/\/roclawski.eu\/wordpress\/?p=473"},"modified":"2014-07-08T19:32:40","modified_gmt":"2014-07-08T17:32:40","slug":"1942-wird-luxemburg-annektiert","status":"publish","type":"post","link":"https:\/\/roclawski.eu\/wordpress\/?p=473","title":{"rendered":"1942 wird Luxemburg annektiert."},"content":{"rendered":"<div id=\"flags\" class=\"size16\"><ul id=\"sortable\" class=\"ui-sortable\" style=\"float:left\"><li id=\"Czech\"><a href=\"#\" title=\"Czech\" class=\"nturl notranslate cs flag Czech\"><\/a><\/li><li id=\"English\"><a href=\"#\" title=\"English\" class=\"nturl notranslate en flag united-states\"><\/a><\/li><li id=\"French\"><a href=\"#\" title=\"French\" class=\"nturl notranslate fr flag French\"><\/a><\/li><li id=\"German\"><a href=\"#\" title=\"German\" class=\"nturl notranslate de flag German\"><\/a><\/li><li id=\"Luxembourgish\"><a href=\"#\" title=\"Luxembourgish\" class=\"nturl notranslate lb flag Luxembourgish\"><\/a><\/li><li id=\"Polish\"><a href=\"#\" title=\"Polish\" class=\"nturl notranslate pl flag Polish\"><\/a><\/li><li id=\"Slovak\"><a href=\"#\" title=\"Slovak\" class=\"nturl notranslate sk flag Slovak\"><\/a><\/li><li id=\"Slovenian\"><a href=\"#\" title=\"Slovenian\" class=\"nturl notranslate sl flag Slovenian\"><\/a><\/li><\/ul><\/div><div id=\"google_language_translator\" class=\"default-language-de\"><\/div>\n<p><span style=\"color: #000000;\">Die Nazis versuchen alles franz\u00f6sische aus dem Land zu tilgen und lassen unter anderem franz\u00f6sische Vornamen verbieten bzw. verdeutschen sowie den Gebrauch der franz\u00f6sischen Sprache und franz\u00f6sischer W\u00f6rter im moselfr\u00e4nkischen Dialekt seiner Bewohner (\u201eL\u00ebtzebuergesch\u201c). Auch wenn die Widerstandsbewegung nicht sehr gro\u00df war, so sind doch bis heute eine nicht geringe Anzahl an Flugbl\u00e4ttern in der Villa Pauly erhalten, welche wom\u00f6glich ihren Teil dazu beigetragen haben, dass in einem 1941 abgehaltenen Referendum, in dem die Luxemburger sich zur germanophonen Sprachgemeinschaft h\u00e4tte bekennen sollen &#8211; diese Zuerkennungsdeklaration sollte aller Wahrscheinlichkeit nach sp\u00e4ter als Begr\u00fcndung f\u00fcr eine Rekrutierung der Luxemburger Jugend in das deutsche Heer benutzt werden -, sich zu 98 Prozent als &#8222;luxemburgisch&#8220; zu erkl\u00e4ren, und somit die Pl\u00e4ne der deutschen \u00dcbermacht zu vereiteln. Daraufhin wurde das Referendum f\u00fcr ung\u00fcltig erkl\u00e4rt. Au\u00dferdem protestierten die Luxemburger mit einem Generalstreik gegen ihre Rekrutierung in die Wehrmacht.<\/span><\/p>\n","protected":false},"excerpt":{"rendered":"<p>Die Nazis versuchen alles franz\u00f6sische aus dem Land zu tilgen und lassen unter anderem franz\u00f6sische Vornamen verbieten bzw. verdeutschen sowie den Gebrauch der franz\u00f6sischen Sprache und franz\u00f6sischer W\u00f6rter im moselfr\u00e4nkischen Dialekt seiner Bewohner (\u201eL\u00ebtzebuergesch\u201c). Auch wenn die Widerstandsbewegung nicht sehr gro\u00df war, so sind doch bis heute eine nicht geringe Anzahl an Flugbl\u00e4ttern in der &#8230; <a title=\"1942 wird Luxemburg annektiert.\" class=\"read-more\" href=\"https:\/\/roclawski.eu\/wordpress\/?p=473\" aria-label=\"Mehr Informationen \u00fcber 1942 wird Luxemburg annektiert.\">Weiterlesen<\/a><\/p>\n","protected":false},"author":1,"featured_media":0,"comment_status":"open","ping_status":"open","sticky":false,"template":"","format":"standard","meta":{"footnotes":""},"categories":[12],"tags":[],"class_list":["post-473","post","type-post","status-publish","format-standard","hentry","category-luxemburg"],"_links":{"self":[{"href":"https:\/\/roclawski.eu\/wordpress\/index.php?rest_route=\/wp\/v2\/posts\/473","targetHints":{"allow":["GET"]}}],"collection":[{"href":"https:\/\/roclawski.eu\/wordpress\/index.php?rest_route=\/wp\/v2\/posts"}],"about":[{"href":"https:\/\/roclawski.eu\/wordpress\/index.php?rest_route=\/wp\/v2\/types\/post"}],"author":[{"embeddable":true,"href":"https:\/\/roclawski.eu\/wordpress\/index.php?rest_route=\/wp\/v2\/users\/1"}],"replies":[{"embeddable":true,"href":"https:\/\/roclawski.eu\/wordpress\/index.php?rest_route=%2Fwp%2Fv2%2Fcomments&post=473"}],"version-history":[{"count":3,"href":"https:\/\/roclawski.eu\/wordpress\/index.php?rest_route=\/wp\/v2\/posts\/473\/revisions"}],"predecessor-version":[{"id":476,"href":"https:\/\/roclawski.eu\/wordpress\/index.php?rest_route=\/wp\/v2\/posts\/473\/revisions\/476"}],"wp:attachment":[{"href":"https:\/\/roclawski.eu\/wordpress\/index.php?rest_route=%2Fwp%2Fv2%2Fmedia&parent=473"}],"wp:term":[{"taxonomy":"category","embeddable":true,"href":"https:\/\/roclawski.eu\/wordpress\/index.php?rest_route=%2Fwp%2Fv2%2Fcategories&post=473"},{"taxonomy":"post_tag","embeddable":true,"href":"https:\/\/roclawski.eu\/wordpress\/index.php?rest_route=%2Fwp%2Fv2%2Ftags&post=473"}],"curies":[{"name":"wp","href":"https:\/\/api.w.org\/{rel}","templated":true}]}}